[{"@context":"https:\/\/schema.org\/","@type":"Article","@id":"https:\/\/www.clickmag.cz\/dnesni-vinik-nehody-chodec\/#Article","mainEntityOfPage":"https:\/\/www.clickmag.cz\/dnesni-vinik-nehody-chodec\/","headline":"Dne\u0161n\u00ed vin\u00edk nehody \u2013 chodec!","name":"Dne\u0161n\u00ed vin\u00edk nehody \u2013 chodec!","description":"T\u00e9m\u011b\u0159 p\u0159ed rokem se zavedla povinnost nosit reflexn\u00ed prvky mimo obec za sn\u00ed\u017een\u00e9 viditelnosti. Statistiky ukazuj\u00ed, \u017ee to m\u00e1 co do sebe, nebo\u0165 od t\u00e9 doby v\u00fdrazn\u011b ubylo smrteln\u00fdch nehod.<strong>&hellip;<\/strong>","datePublished":"2016-11-30","dateModified":"2023-04-28","author":{"@type":"Person","@id":"https:\/\/www.clickmag.cz\/author\/#Person","name":"","url":"https:\/\/www.clickmag.cz\/author\/","identifier":1,"image":{"@type":"ImageObject","@id":"https:\/\/secure.gravatar.com\/avatar\/0dc285cbe86eecc8073f119fcb2e2c7032b51533f5bb47611c7d4a598558b8b7?s=96&d=mm&r=g","url":"https:\/\/secure.gravatar.com\/avatar\/0dc285cbe86eecc8073f119fcb2e2c7032b51533f5bb47611c7d4a598558b8b7?s=96&d=mm&r=g","height":96,"width":96}},"publisher":{"@type":"Organization","name":"clickmag.cz","logo":{"@type":"ImageObject","@id":"\/logo.png","url":"\/logo.png","width":600,"height":60}},"url":"https:\/\/www.clickmag.cz\/dnesni-vinik-nehody-chodec\/","wordCount":502,"articleBody":"T\u00e9m\u011b\u0159 p\u0159ed rokem se zavedla povinnost nosit reflexn\u00ed prvky mimo obec za sn\u00ed\u017een\u00e9 viditelnosti. Statistiky ukazuj\u00ed, \u017ee to m\u00e1 co do sebe, nebo\u0165 od t\u00e9 doby v\u00fdrazn\u011b ubylo smrteln\u00fdch nehod.Ze z\u00e1kona vypl\u00fdv\u00e1, \u017ee nejen \u0159idi\u010d se mus\u00ed v\u011bnovat \u0159\u00edzen\u00ed, ale i chodec m\u00e1 povinnost b\u00fdt vid\u011bn. Vznikla tak rovnov\u00e1ha mezi \u0159idi\u010dem a chodcem. P\u0159ed \u00fa\u010dinnost\u00ed t\u00e9to novely byl v\u017edy vin\u00edkem nehody \u0159idi\u010d, a to dokonce i p\u0159esto, kdy\u017e \u0161el chodec tmav\u011b oble\u010den\u00fd po \u0161patn\u00e9 stran\u011b silnice.Dnes se ji\u017e p\u0159i \u0161et\u0159en\u00ed dopravn\u00edch nehod zam\u011b\u0159uje nejen na \u0159idi\u010de, ale tak\u00e9 na p\u0159\u00edpadn\u00fd pod\u00edl chodce. Pokud dojde k\u00a0nehod\u011b, \u0161et\u0159\u00ed se i to, zda chodec m\u011bl nebo nem\u011bl reflexn\u00ed prvek. A pokud by ho \u0159idi\u010d s\u00a0reflexn\u00edm prvkem b\u00fdval vid\u011bl, m\u016f\u017ee b\u00fdt zcela vyvin\u011bn. Chodec tedy m\u016f\u017ee b\u00fdt shled\u00e1n \u010d\u00e1ste\u010dn\u011b nebo \u00fapln\u011b vinn\u00fdm.Pokud m\u00e1te dobrou pojistku a stanete se \u00fa\u010dastn\u00edkem nehody jako chodec, kter\u00fd v\u0161ak nem\u011bl reflexn\u00ed prvky, m\u016f\u017ee se v\u00e1m to do pojistn\u00e9ho pln\u011bn\u00ed prom\u00edtnout. Samoz\u0159ejm\u011b z\u00e1le\u017e\u00ed na pro\u0161et\u0159en\u00ed nehody, m\u016f\u017ee se ale st\u00e1t, \u017ee v\u00e1s poji\u0161\u0165ovna neod\u0161kodn\u00ed, proto\u017ee za nehodu m\u016f\u017eete sami. Vy\u0161et\u0159ov\u00e1n\u00ed takov\u00fdchto nehod je v\u017edy n\u00e1ro\u010dn\u00e9 a \u010dasto mus\u00ed doj\u00edt i na vy\u0161et\u0159ovac\u00ed pokusy.V\u017edy je d\u016fle\u017eit\u00e9 nejen zda reflexn\u00ed prvky pou\u017e\u00edv\u00e1te, ale tak\u00e9 jak je m\u00e1te um\u00edst\u011bn\u00e9 a jakou m\u00e1 prvek odraznou plochu. Chodci \u010dasto m\u00edvaj\u00edreflexn\u00ed prvkyvzadu, t\u0159eba na ba\u0165ohu, co\u017e je vlastn\u011b \u00fapln\u011b k\u00a0ni\u010demu, pokud jdou v\u00a0protism\u011bru.V\u017edy po\u010d\u00edtejte se \u0161patn\u00fdm po\u010das\u00edm! Chodec ve v\u011bt\u0161in\u011b p\u0159\u00edpad\u016f nehod \u0159ekne, \u017ee ne\u010dekal sn\u00ed\u017eenou viditelnost, nebo \u017ee podle n\u011bj je\u0161t\u011b \u0161patn\u00fd v\u00fdhled nebyl. To pak budou v\u017edy muset posoudit znalci a soud. Ov\u0161em nosit u sebe reflexn\u00ed prvky nen\u00ed pro chodce zase tak nic moc obt\u00ed\u017en\u00e9ho, zvl\u00e1\u0161t\u011b pomysl\u00edme-li na to, \u017ee mu to m\u016f\u017ee zachr\u00e1nit \u017eivot.Na\u0161i bezpe\u010dnost zv\u00fd\u0161\u00ed lep\u0161\u00ed viditelnost!18 m \u2013 m\u00e1me- li tmav\u00e9 oble\u010den\u00ed, \u0159idi\u010d n\u00e1s zaregistruje teprve, je-li u n\u00e1s na pouh\u00fdch 18 metr\u016f.24 m \u2013 v\u00a0\u010derven\u00e9m oble\u010den\u00ed jsme vid\u011bt na 24 metr\u016f.37 m \u2013 \u017elut\u00e9 oble\u010den\u00ed je v\u00fdrazn\u011bj\u0161\u00ed, ov\u0161em \u0159idi\u010d n\u00e1s zaregistruje tehdy, je-li vzd\u00e1len 37 metr\u016f.55 m \u2013 v\u00a0b\u00edl\u00e9m oble\u010den\u00ed jsme vid\u011bt u\u017e na 55 metr\u016f, i p\u0159esto n\u00e1m st\u00e1le hroz\u00ed nebezpe\u010d\u00ed sr\u00e1\u017eky.200 m \u2013 reflexn\u00ed materi\u00e1l (vesty, bundy, nebo alespo\u0148 reflexn\u00ed prvky) n\u00e1m zajist\u00ed viditelnost na 200 metr\u016f. V\u00a0takov\u00e9 vzd\u00e1lenosti m\u00e1 \u0159idi\u010d spoustu \u010dasu n\u00e1s zaregistrovat, rozpoznat nebezpe\u010d\u00ed a prov\u00e9st \u00fahybn\u00fd man\u00e9vr.                                                                                                                                                                                                                                                                                                                                                                                        4.7\/5 - (3 votes)        "},{"@context":"https:\/\/schema.org\/","@type":"BreadcrumbList","itemListElement":[{"@type":"ListItem","position":1,"name":"Dne\u0161n\u00ed vin\u00edk nehody \u2013 chodec!","item":"https:\/\/www.clickmag.cz\/dnesni-vinik-nehody-chodec\/#breadcrumbitem"}]}]