[{"@context":"https:\/\/schema.org\/","@type":"Article","@id":"https:\/\/www.clickmag.cz\/boj-za-volebni-pravo-zen\/#Article","mainEntityOfPage":"https:\/\/www.clickmag.cz\/boj-za-volebni-pravo-zen\/","headline":"Boj za volebn\u00ed pr\u00e1vo \u017een","name":"Boj za volebn\u00ed pr\u00e1vo \u017een","description":"Je smutn\u00e9, kdy\u017e si \u017eeny, kter\u00e9 nechod\u00ed k volb\u00e1m neuv\u011bdom\u00ed, co v\u0161echno p\u0159edch\u00e1zelo tomu, aby \u017eeny v\u016fbec z\u00edskaly volebn\u00ed pr\u00e1vo. M\u00e1lokter\u00e1 \u017eena si uv\u011bdomuje, \u017ee j\u00edt k volb\u00e1m je v<strong>&hellip;<\/strong>","datePublished":"2016-11-13","dateModified":"2023-04-28","author":{"@type":"Person","@id":"https:\/\/www.clickmag.cz\/author\/#Person","name":"","url":"https:\/\/www.clickmag.cz\/author\/","identifier":1,"image":{"@type":"ImageObject","@id":"https:\/\/secure.gravatar.com\/avatar\/0dc285cbe86eecc8073f119fcb2e2c7032b51533f5bb47611c7d4a598558b8b7?s=96&d=mm&r=g","url":"https:\/\/secure.gravatar.com\/avatar\/0dc285cbe86eecc8073f119fcb2e2c7032b51533f5bb47611c7d4a598558b8b7?s=96&d=mm&r=g","height":96,"width":96}},"publisher":{"@type":"Organization","name":"clickmag.cz","logo":{"@type":"ImageObject","@id":"\/logo.png","url":"\/logo.png","width":600,"height":60}},"image":{"@type":"ImageObject","@id":"https:\/\/www.clickmag.cz\/wp-content\/uploads\/img_a278646_w1790_t1602479800.jpg","url":"https:\/\/www.clickmag.cz\/wp-content\/uploads\/img_a278646_w1790_t1602479800.jpg","height":0,"width":0},"url":"https:\/\/www.clickmag.cz\/boj-za-volebni-pravo-zen\/","about":["\u017deny"],"wordCount":371,"articleBody":"\tJe smutn\u00e9, kdy\u017e si \u017eeny, kter\u00e9 nechod\u00ed k volb\u00e1m neuv\u011bdom\u00ed, co v\u0161echno p\u0159edch\u00e1zelo tomu, aby \u017eeny v\u016fbec z\u00edskaly volebn\u00ed pr\u00e1vo. M\u00e1lokter\u00e1 \u017eena si uv\u011bdomuje, \u017ee j\u00edt k volb\u00e1m je v podstat\u011b v\u00fdsada, za kterou musely v minulosti mnoh\u00e9 \u017eeny tvrd\u011b bojovat.\t\tKampa\u0148 za volebn\u00ed pr\u00e1vo \u017een se za\u010dala rozv\u00edjet od poloviny devaten\u00e1ct\u00e9ho stolet\u00ed. Byla spojena s bojem za rovnopr\u00e1vnost \u017een. Tehdej\u0161\u00ed bojovnice za rovn\u00e1 pr\u00e1va se nejmenovaly feministky, ale \u0159\u00edkalo se jim sufra\u017eetky. Historie sufra\u017eetek je velmi zaj\u00edmav\u00e1, bohat\u00e1 a pochopiteln\u011b pln\u00e1 emoc\u00ed. Sufra\u017eetky nev\u00e1haly za sv\u00e1 pr\u00e1va bojovat.\tRu\u0161ily r\u016fzn\u00e9 ve\u0159ejn\u00e9 sch\u016fze, vytlouk\u00e1valy okna, dr\u017eely hladovky a nebr\u00e1nili se i p\u0159\u00edm\u00e9mu teroru (vypalov\u00e1n\u00ed budov). Toto bylo mo\u017en\u00e9 v\u00eddat v Americe, Velk\u00e9 Brit\u00e1nii, ale tak\u00e9 Rusku. \u017deny \u010dasto kon\u010dily ve v\u011bzen\u00ed a pokud dr\u017eely hladovku, j\u00eddlo jim bylo vnucov\u00e1no n\u00e1sil\u00edm.\t\u00a0\t\tPrvn\u00ed byl Nov\u00fd Z\u00e9land\tPrvn\u00ed zem\u00ed, kter\u00e1 \u017een\u00e1m p\u0159iznala volebn\u00ed pr\u00e1vo byl paradoxn\u011b Nov\u00fd Z\u00e9land v roce 1893, po n\u011bm to pak byla Austr\u00e1lie v roce 1902. To znamen\u00e1, \u017ee na za\u010d\u00e1tku 20. stolet\u00ed existovla pouze jedin\u00e1 zem\u011b, ve kter\u00e9 \u017eeny sm\u011bly volit. \tVe mnoha zem\u00edch volebn\u00ed pr\u00e1vo z\u00edskaly \u017eeny v pr\u016fb\u011bhu prvn\u00ed sv\u011btov\u00e9 v\u00e1lky. Vnucuje se hypot\u00e9za, \u017ee za volebn\u00ed pr\u00e1vo vd\u011b\u010d\u00ed \u017eeny mimo jin\u00e9 tak\u00e9 vysok\u00e9 \u00famrtnosti mu\u017e v pr\u016fb\u011bhu prvn\u00ed sv\u011btov\u00e9 v\u00e1lky.\tJist\u011b p\u0159ekvap\u00ed, jak pozd\u011b v n\u011bkter\u00fdch evropsk\u00fdch zem\u00edch z\u00edskaly \u017eeny volebn\u00ed pr\u00e1vo. Pro zaj\u00edmavost \u0160pan\u011blsko \u2013 1931, Francie, It\u00e1lie \u2013 1945, Belgie \u2013 1948, Ma\u010farsko \u2013 1958, \u0160v\u00fdcarsko \u2013 1971, Portugalsko \u2013 1976.\tPosledn\u00ed zem\u00ed, kde \u017eeny z\u00edskaly volebn\u00ed pr\u00e1vo byla Saudsk\u00e1 Ar\u00e1bie v roce 2015.\t\tV n\u011bkdej\u0161\u00edm \u010ceskoslovensku \u017eeny z\u00edskaly volebn\u00ed pr\u00e1vo v roce 1919. Volebn\u00ed pr\u00e1vo je spojen\u00e9 se vznikem prvn\u00ed republiky. Hlavn\u00edmi bojovnicemi za volebn\u00ed pr\u00e1vo \u017een v na\u0161\u00ed zemi byla politi\u010dka a novin\u00e1\u0159ka Franti\u0161ka Plam\u00ednkov\u00e1 a dcera Tom\u00e1\u0161e G. Masaryka Alice Masarykov\u00e1.                                                                                                                                                                                                                                                                                                                                                                                        4.6\/5 - (7 votes)        "},{"@context":"https:\/\/schema.org\/","@type":"BreadcrumbList","itemListElement":[{"@type":"ListItem","position":1,"name":"Boj za volebn\u00ed pr\u00e1vo \u017een","item":"https:\/\/www.clickmag.cz\/boj-za-volebni-pravo-zen\/#breadcrumbitem"}]}]